{"id":7923,"date":"2012-09-05T09:32:21","date_gmt":"2012-09-05T14:32:21","guid":{"rendered":"http:\/\/www.cipamericas.org\/?p=7923"},"modified":"2012-10-12T15:25:32","modified_gmt":"2012-10-12T20:25:32","slug":"en-colombia-soplan-vientos-de-paz","status":"publish","type":"post","link":"https:\/\/www.americas.org\/es\/en-colombia-soplan-vientos-de-paz\/","title":{"rendered":"En Colombia soplan vientos de paz"},"content":{"rendered":"<figure id=\"attachment_7924\" aria-describedby=\"caption-attachment-7924\" style=\"width: 430px\" class=\"wp-caption alignnone\"><a href=\"https:\/\/www.americas.org\/wp-content\/uploads\/2012\/09\/colombia-foto-2.jpg\"><img loading=\"lazy\" decoding=\"async\" class=\" wp-image-7924  \" title=\"colombia foto 2\" src=\"https:\/\/www.americas.org\/wp-content\/uploads\/2012\/09\/colombia-foto-2-1024x680.jpg\" alt=\"\" width=\"430\" height=\"286\" srcset=\"https:\/\/www.americas.org\/wp-content\/uploads\/2012\/09\/colombia-foto-2-1024x680.jpg 1024w, https:\/\/www.americas.org\/wp-content\/uploads\/2012\/09\/colombia-foto-2-300x199.jpg 300w, https:\/\/www.americas.org\/wp-content\/uploads\/2012\/09\/colombia-foto-2.jpg 1286w\" sizes=\"auto, (max-width: 430px) 100vw, 430px\" \/><\/a><figcaption id=\"caption-attachment-7924\" class=\"wp-caption-text\">Piedad C\u00f3rdoba habla sobre paz en Colombia. Foto: Dami\u00e1n Quiroga<\/figcaption><\/figure>\n<p>Luego que el pasado 27 de agosto el presidente colombiano Juan Manuel Santos reconociera que se han <em>\u201cdesarrollado conversaciones exploratorias con las FARC para buscar el fin del conflicto\u201d<\/em> armado en el pa\u00eds, el colectivo <em>\u201ccolombianos y colombianas por la paz\u201d<\/em> lanz\u00f3 una propuesta desde la sociedad civil para alcanzar la paz en Colombia. El Programa de las Am\u00e9ricas estuvo presente en el lanzamiento de la propuesta de paz y entrevist\u00f3 a unas de sus voceras, la l\u00edder social y pol\u00edtica Piedad C\u00f3rdoba, para conocer sus impresiones sobre este nuevo y ojal\u00e1 definitivo proceso de paz.<\/p>\n<p>En los \u00faltimos meses corrieron rumores de los posibles acercamientos entre el gobierno Colombiano y las Fuerzas Armadas Revolucionarias de Colombia \u2013 FARC, pero finalmente el presidente Juan Manual Santos le sali\u00f3 al paso a las especulaciones en un escueto comunicado en el cual reconoci\u00f3 la existencia de <em>\u201cconversaciones exploratorias con las FARC\u201d<\/em> y el inter\u00e9s de la guerrilla del Ej\u00e9rcito de Liberaci\u00f3n Nacional \u2013 ELN en participar en conversaciones dirigidas a poner fin a la violencia.<\/p>\n<p>Tambi\u00e9n se\u00f1al\u00f3 el presidente Santos que cualquier acercamiento deber\u00e1 basarse, seg\u00fan su gobierno, en tres principios rectores: a) aprender de los errores del pasado para no repetirlos; b) Cualquier proceso tiene que llevar al fin del conflicto, no a su prolongaci\u00f3n; c) Se mantendr\u00e1n las operaciones y la presencia militar sobre cada cent\u00edmetro del territorio nacional (\u00e9ste \u00faltimo es una clara alusi\u00f3n a la infructuoso proceso de paz emprendido durante el gobierno de Andr\u00e9s Pastrana en 1998, que concedi\u00f3 una <em>\u201czona de distensi\u00f3n\u201d<\/em> para facilitar los di\u00e1logos, pero que en la pr\u00e1ctica fue usada por las FARC para fortalecerse militarmente).<\/p>\n<p>Ante el comunicado del presidente Santos, el diario El Espectador revel\u00f3 que los acercamientos entre el gobierno y las FARC se ven\u00edan planeando de tiempo atr\u00e1s y se realiz\u00f3 un encuentro en La Habana al cual asistieron un emisario de las FARC, un alto consejero presidencial y el mismo hermano del Presidente, Enrique Santos Calder\u00f3n. Tambi\u00e9n se ha dicho que los gobiernos de Venezuela y Chile ser\u00edan los primeros garantes del proceso y los di\u00e1logos se realizar\u00edan en Cuba y Noruega.<\/p>\n<p>Es muy significativo el anuncio del presidente de un eventual proceso de di\u00e1logo, que recoge el clamor de muchos sectores del pa\u00eds y especialmente de quienes padecen la crueldad de la guerra, por la salida pac\u00edfica y negociaci\u00f3n pol\u00edtica al largo conflicto armado colombiano. Una de las organizaciones que recoge esta convicci\u00f3n ciudadana por la paz es el colectivo <em>\u201cColombianos y Colombianas por la paz\u201d<\/em>, que con persistencia y en clara contrav\u00eda de la tesis de la derrota y aniquilamiento militar, son especialmente recordados por su importante mediaci\u00f3n para la liberaci\u00f3n de polic\u00edas, pol\u00edticos, militares y recientemente de un periodista franc\u00e9s quienes estaban, incluso por a\u00f1os, en poder de las FARC. Este solo hecho los convierte no solo en interlocutores sociales necesarios, sino indispensables en cualquier posible di\u00e1logo entre el gobierno y las guerrillas.<\/p>\n<p>Un grave riesgo de este proceso que se inicia son las posibles retaliaciones de los enemigos de la paz, con la acostumbrada guerra sucia, los ataques contra l\u00edderes sociales, las desapariciones y acciones que buscan minar la confianza ciudadana en la esperanza de una salida pac\u00edfica. Al cierre de esta edici\u00f3n y a solo unos d\u00edas de la confirmaci\u00f3n de acercamientos para un di\u00e1logo de paz, se presentaron dos acciones violentas con artefactos explosivos en las ciudades de Cali y Popay\u00e1n, no existen evidencias claras de los responsables de \u00e9stos hechos.<\/p>\n<p><strong>La propuesta de paz de la sociedad civil<\/strong><\/p>\n<p>Como resultado del anuncio presidencial de un eventual di\u00e1logo con las guerrillas de las FARC y el ELN, el colectivo <em>\u201cColombianos y Colombianas por la paz\u201d <\/em>present\u00f3 en rueda de prensa realizada el pasado 29 de agosto, una propuesta llamada <em>\u201cLa paz como reh\u00e9n y la necesidad de un cambio urgente para lograrla\u201d<\/em> (<a href=\"https:\/\/www.americas.org\/es\/archives\/7915\">lea aqu\u00ed<\/a> la propuesta de paz).\u00a0 El documento recoge las inquietudes de muchas organizaciones de la sociedad civil en diferentes regiones del pa\u00eds: campesinos, estudiantes, ind\u00edgenas, trabajadores, organizaciones que agrupan v\u00edctimas de la violencia, acad\u00e9micos y otros sectores sociales, que reclaman ser parte de una mesa amplia de negociaci\u00f3n de un conflicto que si bien se expresa en las armas, tiene causas estructurales en conflictos sociales hist\u00f3ricamente no resueltos, mirando <em>\u201cla realidad del pa\u00eds sin omisiones y sin falsedades\u201d<\/em>.<\/p>\n<p>El aspecto central de la propuesta empieza por un llamado a reconocer que el conflicto armado es una consecuencia de una compleja situaci\u00f3n social que se expresa en hechos como un modelo econ\u00f3mico que sit\u00faa a Colombia como una de las sociedades m\u00e1s inequitativas del planeta, los altos niveles de corrupci\u00f3n, la crisis en la administraci\u00f3n de justicia, la impunidad en graves casos de derechos humanos que comprometen a miembros de la fuerza p\u00fablica, el mantenimiento de estructuras criminales paramilitares en comuni\u00f3n con l\u00edderes pol\u00edticos, entre otros factores. Propone el documento como punto de partida <em>\u201creconocer que el pa\u00eds vive una evidente encrucijada, que cuestiona el modo y el fondo de la pol\u00edtica, y que pone ampliamente en duda la construcci\u00f3n de una verdadera democracia\u201d<\/em>.<\/p>\n<p>La propuesta de <em>\u201cColombianos y Colombianas por la paz\u201d <\/em>reconoce que resulta definitivo el apoyo a los esfuerzos del Presidente Santos en la b\u00fasqueda de un acercamiento con las guerrillas y coincide con el presidente en uno de los principios rectores que deben alentar el proceso como es <em>\u201caprender de los errores del pasado\u201d<\/em>, que llev\u00f3 al fracaso de anteriores procesos de paz. El \u00faltimo di\u00e1logo con las FARC fue sumamente cuestionado por la derecha y sirvi\u00f3 de argumento para una campa\u00f1a militarista liderada por el gobierno de \u00c1lvaro Uribe que entre el 2002 y el \u00faltimo a\u00f1o, ha cobrado por lo menos 75.000 vidas de forma directa asociadas al conflicto armado, de las 186.524 muertes violentas registradas en Colombia en el mismo periodo, seg\u00fan cifras oficiales el Instituto Colombiano de Medicina Legal y Ciencias Forenses. La pregunta obvia es si este cruento resultado no hace obvia la necesidad de una nueva esperanza para la paz.<\/p>\n<p>Advierte la sociedad civil que el cambio de lenguaje es uno de los primeros pasos de estos acercamientos. Se trata de reconocer la existencia pol\u00edtica del adversario y tender puentes \u201centre reconocidas posiciones antag\u00f3nicas\u201d que den cabida a una necesaria reivindicaci\u00f3n de la pol\u00edtica sobre las acciones violentas, y la amenaza de las armas desde los dos extremos. Es adem\u00e1s un grave riesgo que se inicie un di\u00e1logo sin un cese bilateral del fuego, que pueden seguir generando infracciones al derecho internacional humanitario por las acciones armadas de los grupos en contienda.<\/p>\n<p>Uno de los aspectos que se\u00f1ala la propuesta y que sin duda resulta de los m\u00e1s \u00e1lgidos, es la necesidad de un marco jur\u00eddico de justicia transicional m\u00e1s ambicioso que la reciente ley aprobada por el Senado de la Rep\u00fablica y que se conoce como el <em>\u201cMarco Jur\u00eddico para la paz\u201d.<\/em> A juicio de <em>\u201cColombianos y Colombianas por la Paz\u201d<\/em>, la reciente ley no est\u00e1 concebida como un producto de la concertaci\u00f3n o negociaci\u00f3n entre las dos partes, adem\u00e1s de la supuesta limitaci\u00f3n del reconocimiento de los delitos pol\u00edticos y conexos, necesarios para quienes quieran dejar las armas y que no esperan recibir a cambio un tratamiento jur\u00eddico que los reduce a simples terroristas. Este sin duda es un debate amplio no solo en Colombia, sino en todo conflicto armado, que implica sacrificios y poner en la balanza alcanzar la paz a cambio del compromiso de no repetici\u00f3n, verdad sobre los hechos e indulto.<\/p>\n<p><em>\u201cColombianos y Colombianas por la Paz\u201d<\/em> consideran crucial, como resumen de su propuesta, afianzar el proceso exploratorio de di\u00e1logos de paz, respetar de manera rigurosa el Derecho Internacional Humanitario en el camino de \u201chumanizar la guerra\u201d, <em>\u201chacer respetar los derechos de las presas y presos pol\u00edticos; aplicar medidas paralelas de orden penal nacional e internacional, para abrir espacio a una justicia transicional eficaz que admita y salvaguarde la resignificaci\u00f3n de las luchas pol\u00edticas; debe buscar alianzas para la paz frente a la poderosa diatriba de sus enemigos, e impulsar un nuevo marco pol\u00edtico y jur\u00eddico de consenso social y transformaci\u00f3n que cuente con m\u00faltiples voces\u201d<\/em>.<\/p>\n<p>El necesario cese bilateral del fuego es otra de las condiciones necesarias que advierte <em>\u201cColombianos y Colombianas por la Paz\u201d<\/em>, pues permitir\u00eda la distensi\u00f3n de un ambiente de militarizaci\u00f3n, evitar la crisis humanitaria y frenar estrategias de paramilitarizaci\u00f3n como respuesta al di\u00e1logo y con inter\u00e9s econ\u00f3mico por el despojo de las tierras.<strong><br \/>\n<\/strong><\/p>\n<p><strong>Habla Piedad C\u00f3rdoba<\/strong><\/p>\n<p>La l\u00edder social y pol\u00edtica Piedad C\u00f3rdoba, respondi\u00f3 algunas preguntas al Programa de las Am\u00e9ricas sobre el acercamiento entre las guerrillas de las FARC y el ELN con el gobierno colombiano. Compartimos con nuestros lectores algunas de las respuestas ofrecidas en la rueda de prensa y en una entrevista realizada con posterioridad al lanzamiento del documento <em>\u201cLa paz como reh\u00e9n y la necesidad de un cambio urgente para lograrla\u201d<\/em>.<\/p>\n<p><strong><em>PA: <\/em><\/strong><em>Como representantes de la sociedad civil, \u00bfQu\u00e9 garant\u00edas le piden al gobierno y los actores en conflicto para esos l\u00edderes que en las regiones, en las veredas est\u00e1n hablando [de paz] y se est\u00e1n movilizando en torno a esta propuesta?<\/em><\/p>\n<p><strong>Piedad C\u00f3rdoba: <\/strong>Yo creo que las garant\u00edas hay que ped\u00edrselas al gobierno colombiano, y las garant\u00edan comienzan desde el lenguaje, porque si el gobierno plantea un hecho tan importante como son los acercamientos y posteriormente el lenguaje es de guerra, se pone en mucho riesgo el trabajo y la posibilidad de lo que est\u00e1n haciendo los actores y actoras pol\u00edticas en la paz. Nosotros no le podemos pedir simplemente a la insurgencia que nos de garant\u00edas, las garant\u00edas nos la tiene que dar es el Estado colombiano y obviamente, solicitarle y exigirle a la insurgencia que en las regiones no se involucre de ninguna forma tambi\u00e9n a la sociedad civil y a la comunidad en general.<\/p>\n<p>Por ejemplo, aprovecho la oportunidad para decirle al presidente de la rep\u00fablica que retiren las bases militares del casco urbano en el corregimiento de La Julia, en la Uribe (Departamento del Meta), donde adem\u00e1s uno de los bunkers [del ej\u00e9rcito] est\u00e1 exactamente a 20 metros del colegio de primaria y secundaria, y esos son elementos de mucha confrontaci\u00f3n para la misma comunidad en esa regi\u00f3n.<\/p>\n<p>Uno en esto tiene que ser muy claro y muy respetuoso, ac\u00e1 hay una primera parte que tiene que ver con los acercamientos, que tiene que ver con la discusi\u00f3n, en la cual el gobierno ya est\u00e1 de acuerdo con la insurgencia de c\u00f3mo van a adelantarse [los di\u00e1logos], d\u00f3nde van a adelantarse y el gobierno dar\u00e1 a conocer cu\u00e1les son los contenidos que ha pactado con la insurgencia, nosotros estamos buscando que la sociedad y el pueblo en general pueda tambi\u00e9n aportar y que sea parte de la discusi\u00f3n de la negociaci\u00f3n [\u2026].<\/p>\n<p>La decisi\u00f3n del acompa\u00f1amiento la toman en su momento las FARC, el ELN y El Gobierno, y creo que [\u2026] no se trata si yo [Piedad C\u00f3rdoba] estoy o no estoy [en los di\u00e1logos], yo creo que ya nosotros estamos y lo estamos desde que empezamos a empujar todo el proceso de liberaciones, toda la lucha por el intercambio humanitario, las mujeres por la paz en el mundo, los distintos pronunciamientos que hicimos, el di\u00e1logo epistolar, las visitas a las c\u00e1rceles que ya inclusive llegamos a un acuerdo con el gobierno para comenzar a hacerlas en los pr\u00f3ximos d\u00edas, ahora algunos miembros de Colombianos por la paz est\u00e1n en eso, pero no creo que sea presi\u00f3n ni una forma correcta empezar a incidir en las decisiones del gobierno. [\u2026] Nosotros tenemos un espacio ganado, tenemos adem\u00e1s un espacio de trabajo supremamente fuerte, lo venimos haciendo, recorremos el pa\u00eds. Ustedes se acuerdan el esc\u00e1ndalo que se arm\u00f3 en el Cauca por lo que yo dije del retiro de las bases militares y me imagino que tambi\u00e9n va a haber reacciones por mi intervenci\u00f3n en La Julia m\u00e1s all\u00e1 de la Uribe [Meta] hace exactamente dos d\u00edas. Pero tiene que ver con eso, con las decisiones de sacar a los civiles del conflicto y es nuestro trabajo y lo hacemos adem\u00e1s con toda la responsabilidad de aportar, la audacia, la propuesta de alternativas y creo que estamos satisfechos con eso.<\/p>\n<p>A nosotros nos satisface que el gobierno haya tomado unas decisiones de nombrar -no s\u00e9 si es verdad o mentira- a Lu\u00eds Eduardo (Lucho) Garz\u00f3n [ex Alcalde de Bogot\u00e1], de plantear qu\u00e9 personas van a estar acompa\u00f1ando los di\u00e1logos en la Habana o en donde sea y para nosotros eso est\u00e1 bien, porque lo que queremos es la paz, no protagonismos ni tampoco saltos al vac\u00edo, ni generaci\u00f3n de agendas que no coincidan con lo que quiere, pero nosotros como organizaciones s\u00ed vamos a insistir en la posibilidad que nuestras propuestas lleguen a la mesa de negociaci\u00f3n.<\/p>\n<p><strong><em>PA: <\/em><\/strong><em>\u00bfC\u00f3mo lograr que este proceso de paz si sea el exitoso? Ustedes afirman que de no resolverse las causas estructurales del conflicto, seguramente ser\u00e1 un proceso de paz m\u00e1s.<\/em><\/p>\n<p><strong>Piedad C\u00f3rdoba: <\/strong>Pues hombre yo creo que lograrlo es como estamos haciendo en este momento, trabajando permanentemente con nuestras reuniones, y adem\u00e1s una cosa muy importante: no creo que la paz se construya desde un sill\u00f3n, c\u00f3modamente opinando o descalificando, cuando uno recorre el pa\u00eds se llena de argumentos y se consolida adem\u00e1s una agenda de trabajo, nosotros estamos partiendo de la base -y lo dice el documento- de que no se pueden volver a cometer los errores del pasado, uno de ellos el m\u00e1s importante es no haber pactado un cese bilateral al fuego en su momento y haber construido una doble agenda: por un alado fortalecerse para la guerra y por el otro lado mandar un mensaje de posibilidad para la paz, pero a la vez <strong>un tercero error creo yo que no se puede volver a cometer es que el pueblo, la naci\u00f3n, la sociedad civil que la conformamos todos, no puede quedar excluida<\/strong> y nosotros vamos a trabajar para ganarnos ese espacio y no permitir que por m\u00e1s dificultades que haya se paren de la mesa de acuerdos y negociaci\u00f3n.<\/p>\n<p><strong><em>PA: <\/em><\/strong><em>Diversas organizaciones de derechos humanos en sus informes en los \u00faltimos meses evidencian un crecimiento de las llamadas Bandas Emergentes del Paramilitarismo en diferentes regiones del pa\u00eds, \u00bfC\u00f3mo no repetir el fen\u00f3meno de la tristemente c\u00e9lebre Uni\u00f3n Patri\u00f3tica [movimiento pol\u00edtico de izquierda aniquilado violentamente luego del proceso de paz iniciado en el gobierno del conservador Belisario Betancourt en 1985] como uno de los antecedentes que habr\u00eda que tener en la negociaci\u00f3n?<\/em><\/p>\n<p><strong>Piedad C\u00f3rdoba:<\/strong> Y tambi\u00e9n el ej\u00e9rcito ante la instituci\u00f3n, que entre otras cosas asesinan a los dirigentes casi en los pies del mismo ministro [de Defensa]. Yo creo que el pa\u00eds y el mundo en general, no est\u00e1n dispuestos a que se repitan fen\u00f3menos no solamente de exclusi\u00f3n, sino fen\u00f3menos de \u201cmatoneo\u201d con relaci\u00f3n a quienes hacemos parte de la paz. Nosotros tuvimos oportunidad de pedir una cita a UNASUR esta exactamente el jueves de la semana pasada y en esa cita estamos planteando la solicitud de reunirnos con UNASUR para poner de presente las inquietudes y las preocupaciones que tenemos no solamente como \u201cMarcha Patri\u00f3tica\u201d [movimiento pol\u00edtico y social recientemente creado en Colombia], sino organizaciones que estamos en la b\u00fasqueda de una soluci\u00f3n pol\u00edtica.<\/p>\n<p>Yo no creo que se pueda repetir [el genocidio de la Uni\u00f3n Patri\u00f3tica] primero porque nosotros no nos vamos a dejar matar tan f\u00e1cil, no es que vayamos a comprar fusiles o chalecos anti balas, sino que tenemos una fuerza moral y \u00e9tica en este pa\u00eds para levantarnos por encima de quienes consideran que debemos desaparecer.<\/p>\n<p>En segundo lugar porque nuestro itinerario por el pa\u00eds, nuestra \u201cpalabra caminada\u201d significa tambi\u00e9n apoyarnos en el trabajo con las comunidades para denunciar y para fortalecer ese trabajo, pero adem\u00e1s, apenar a la comunidad internacional se\u00f1alando que se nos quiere asesinar o que se nos quiere lapidar o que se nos quiere estigmatizar en la b\u00fasqueda de la paz. Nosotros no somos distintos a ninguno de los que hoy pueden tener la posibilidad de la paz y hablarla, nosotros somos iguales. La diferencia es que nosotros nos hemos mantenido a pesar de las dificultades en el tiempo, buscando un escenario de di\u00e1logo para la paz.<strong><em><br \/>\n<\/em><\/strong><\/p>\n<p><strong><em>PA:<\/em><\/strong><em> Piedad \u00bfHay una esperanza de paz para el pa\u00eds en este momento?<\/em><\/p>\n<p><strong>Piedad C\u00f3rdoba:<\/strong> Yo creo que si, pero es una esperanza adem\u00e1s que se tiene que llenar de contenido, de esperanza en el trabajo que se tiene que hacer, de posibilidades concretas de construir agendas y sobre todo porque esto oxigena el movimiento popular que ha venido organiz\u00e1ndose de tiempo atr\u00e1s.<\/p>\n<p><strong><em>PA:<\/em><\/strong><em> Usted estuvo secuestrada hace varios a\u00f1os por Carlos Casta\u00f1o, el m\u00e1ximo l\u00edder de los Paramilitares en Colombia. Recordado ese terrible episodio que casi le cuesta la vida, \u00bfQu\u00e9 argumentos frente a la necesidad de paz para el pa\u00eds, no solo le salvaron la vida, sino que siguen siendo vigentes en este momento?<\/em><\/p>\n<p><strong>Piedad C\u00f3rdoba: <\/strong>Creo que lo m\u00e1s importante en la vida es el hilo conductor de sus acciones, la coherencia, el compromiso sigue siendo el mismo. Lo que a nosotros nos acerca a la b\u00fasqueda de la paz, a la soluci\u00f3n pol\u00edtica, es precisamente el af\u00e1n de acabar con una guerra tan vergonzosa. Es incre\u00edble que un pa\u00eds que se dice tan pujante no sea capaz de resolver los diferendos que tenemos como pa\u00eds, como sociedad, como construcci\u00f3n pol\u00edtica.<\/p>\n<p><strong><em>PA: <\/em><\/strong><em>\u00bfQu\u00e9 opini\u00f3n le merece que el mismo Procurador General de la Naci\u00f3n que la destituy\u00f3 a usted como senadora, cuando fue Magistrado del Consejo de Estado revoc\u00f3 la sanci\u00f3n disciplinaria en segunda instancia contra el hoy detenido General Mauricio Santoyo, quien acept\u00f3 cargos por cooperaci\u00f3n con los paramilitares y est\u00e1 siendo procesado en los Estados Unidos?<\/em><\/p>\n<p><strong>Piedad C\u00f3rdoba: <\/strong>Lo del procurador contra m\u00ed fue un simple montaje, es un espect\u00e1culo que \u00e9l est\u00e1 haciendo porque todo el mundo sabe que \u00e9l era amigo de toda esta gente de la derecha que les patrocinaba desde lo jur\u00eddico todas sus felon\u00edas y que ahora quiere limpiarse para seguir en la Procuradur\u00eda. Ojala el Congreso tenga consciencia que lo peor que puede hacer es reelegirlo porque va a ser un enemigo total de la paz.<\/p>\n<p><strong><em>PA: <\/em><\/strong>\u00bfCu\u00e1l ser\u00eda el rol que deber\u00eda jugar la Procuradur\u00eda en un eventual proceso de paz?<\/p>\n<p><strong><em>PA: <\/em><\/strong><em>El que tiene que tener desde la constituci\u00f3n, menos el que tiene actualmente. [Como principal entidad del Ministerio P\u00fablico, seg\u00fan el Art\u00edculo 118 de la Constituci\u00f3n Colombiana, \u201cal Ministerio P\u00fablico corresponde la guarda y promoci\u00f3n de los derechos humanos, la protecci\u00f3n del inter\u00e9s p\u00fablico y la vigilancia de la conducta oficial de quienes desempe\u00f1an funciones p\u00fablicas\u201d].<\/em><\/p>\n<p><strong><em>PA: <\/em><\/strong><em>\u00bfQu\u00e9 mensaje le env\u00eda usted a quienes la han perseguido, le han estigmatizado y que le ponen el \u201cpalo entre las ruedas\u201d a este proceso en una eventual mesa de negociaci\u00f3n?\u00a0\u00a0\u00a0\u00a0\u00a0<\/em><\/p>\n<p><strong>Piedad C\u00f3rdoba: <\/strong>Creo que el mensaje fundamentalmente es que hay espacio para la discusi\u00f3n y el debate de manera civilizada y a lo que estamos asistiendo es a la resurrecci\u00f3n de la pol\u00edtica y no a la consolidaci\u00f3n de la guerra en la que nos han mantenido de manera tan impresionante durante estos \u00faltimos 15 a\u00f1os, desde las propuestas de derecha que ha tenido el pa\u00eds.<\/p>\n<p><em><em><strong>Alex Sierra R.<\/strong> Es antrop\u00f3logo y se ha desempe\u00f1ado como investigador y consultor independiente en temas como Derechos Humanos, Cooperaci\u00f3n Internacional para el Desarrollo y Pol\u00edticas P\u00fablicas en Colombia. Ha realizado su trabajo en zonas de conflicto armado y con comunidades vulnerables en su pa\u00eds durante los \u00faltimos 12 a\u00f1os. Es columnista mensual con el Programa de las Am\u00e9ricas <\/em><a href=\"https:\/\/www.americas.org\/es\"><em>www.americas.org\/es<\/em><\/a>\u00a0<\/em><em><\/em><\/p>\n","protected":false},"excerpt":{"rendered":"<p>Luego que el pasado 27 de agosto el presidente colombiano Juan Manuel Santos reconociera que se han \u201cdesarrollado conversaciones exploratorias con las FARC para buscar el fin del conflicto\u201d armado en el pa\u00eds, el colectivo \u201ccolombianos y colombianas por la paz\u201d lanz\u00f3 una propuesta desde la sociedad civil para alcanzar la paz en Colombia. El Programa de las Am\u00e9ricas estuvo presente en el lanzamiento de la propuesta de paz y entrevist\u00f3 a unas de sus voceras, la l\u00edder social y pol\u00edtica Piedad C\u00f3rdoba.<\/p>\n","protected":false},"author":289,"featured_media":0,"comment_status":"open","ping_status":"open","sticky":false,"template":"","format":"standard","meta":{"inline_featured_image":false,"footnotes":""},"categories":[4884,4916,4912,4914],"tags":[],"coauthors":[],"class_list":["post-7923","post","type-post","status-publish","format-standard","hentry","category-democracia","category-derechos-humanos","category-movimientos-sociales","category-paz-y-seguridad"],"_links":{"self":[{"href":"https:\/\/www.americas.org\/es\/wp-json\/wp\/v2\/posts\/7923","targetHints":{"allow":["GET"]}}],"collection":[{"href":"https:\/\/www.americas.org\/es\/wp-json\/wp\/v2\/posts"}],"about":[{"href":"https:\/\/www.americas.org\/es\/wp-json\/wp\/v2\/types\/post"}],"author":[{"embeddable":true,"href":"https:\/\/www.americas.org\/es\/wp-json\/wp\/v2\/users\/289"}],"replies":[{"embeddable":true,"href":"https:\/\/www.americas.org\/es\/wp-json\/wp\/v2\/comments?post=7923"}],"version-history":[{"count":0,"href":"https:\/\/www.americas.org\/es\/wp-json\/wp\/v2\/posts\/7923\/revisions"}],"wp:attachment":[{"href":"https:\/\/www.americas.org\/es\/wp-json\/wp\/v2\/media?parent=7923"}],"wp:term":[{"taxonomy":"category","embeddable":true,"href":"https:\/\/www.americas.org\/es\/wp-json\/wp\/v2\/categories?post=7923"},{"taxonomy":"post_tag","embeddable":true,"href":"https:\/\/www.americas.org\/es\/wp-json\/wp\/v2\/tags?post=7923"},{"taxonomy":"author","embeddable":true,"href":"https:\/\/www.americas.org\/es\/wp-json\/wp\/v2\/coauthors?post=7923"}],"curies":[{"name":"wp","href":"https:\/\/api.w.org\/{rel}","templated":true}]}}