{"id":8305,"date":"2012-10-23T23:49:09","date_gmt":"2012-10-24T04:49:09","guid":{"rendered":"http:\/\/www.cipamericas.org\/?p=8305"},"modified":"2012-10-23T23:49:09","modified_gmt":"2012-10-24T04:49:09","slug":"el-modelo-comprador-predice-costos-mas-altos-de-alimentos-si-las-especulaciones-no-son-frenadas","status":"publish","type":"post","link":"https:\/\/www.americas.org\/es\/el-modelo-comprador-predice-costos-mas-altos-de-alimentos-si-las-especulaciones-no-son-frenadas\/","title":{"rendered":"El modelo comprador predice costos mas altos de alimentos, si las especulaciones no son frenadas"},"content":{"rendered":"<p><a href=\"https:\/\/www.americas.org\/wp-content\/uploads\/2012\/10\/food-security.jpg\"><img loading=\"lazy\" decoding=\"async\" class=\"alignright size-medium wp-image-8310\" title=\"child eating rice\" src=\"https:\/\/www.americas.org\/wp-content\/uploads\/2012\/10\/food-security-300x199.jpg\" alt=\"\" width=\"300\" height=\"199\" srcset=\"https:\/\/www.americas.org\/wp-content\/uploads\/2012\/10\/food-security-300x199.jpg 300w, https:\/\/www.americas.org\/wp-content\/uploads\/2012\/10\/food-security.jpg 804w\" sizes=\"auto, (max-width: 300px) 100vw, 300px\" \/><\/a>El Instituto de Sistemas Complejos de New England, que ha desarrollado un modelo cuantitivo para predecir muy estrechamente el \u00edndice de precios de alimentos de la FAO, dio a conocer un nuevo informe prediciendo precios de alimentos agudamente superiores debido en parte a una especulaci\u00f3n excesiva.<\/p>\n<p>Su modelo, originalmente dado a conocer en Septiembre 2011, coincid\u00eda con el \u00edndice de la FAO desde 2004 hasta 2011. Desde entonces, ha continuado siguiendo de cerca los n\u00fameros reales mundiales.<\/p>\n<p>Lamentablemente, el modelo ahora predice \u201cotra burbuja especulativa que comenzar\u00e1 a finales del 2012 y que causar\u00e1 que los precios de alimentos se eleven a\u00fan m\u00e1s que en los recientes picos\u201d.<\/p>\n<p>Mientras los investigadores reconocen que la sequ\u00eda en el Medio Oeste de Estados Unidos causar\u00e1 la elevaci\u00f3n de precios, su modelo muestra que la excesiva actividad especulativa tendr\u00e1 un efecto a\u00fan mayor. Aunque algunas reformas financieras principales aprobadas en el 2010 pueden finalmente comenzar a ser implementadas a principios del 2013, puede ser demasiado tarde para evitar la aparici\u00f3n de la burbuja en los precios.<\/p>\n<p>\u201cDescubrimos que a trav\u00e9s del mecanismo de la actividad especulativa, la sequ\u00eda puede causar que\u00a0 la tercer descarga masiva de precios se produzca antes de lo que se podr\u00eda esperar, comenzando de inmediato y antes de que pudiera ser prevenida por las nuevas reglamentaciones anticipadas. Este disparo puede elevar\u00a0 los precios mucho m\u00e1s all\u00e1 de un aumento justificado por la provisi\u00f3n reducida causada por las sequ\u00edas\u2026 (\u201cMientras las sequ\u00edas s\u00f3lo causan un efecto limitado en los precios, el impacto sobre los precios se amplifica por la actividad especulativa\u201d escriben los autores).<\/p>\n<figure id=\"attachment_8308\" aria-describedby=\"caption-attachment-8308\" style=\"width: 300px\" class=\"wp-caption aligncenter\"><a href=\"https:\/\/www.americas.org\/wp-content\/uploads\/2012\/10\/food_7_2012.jpg\"><img loading=\"lazy\" decoding=\"async\" class=\"size-medium wp-image-8308\" title=\"food_7_2012\" src=\"https:\/\/www.americas.org\/wp-content\/uploads\/2012\/10\/food_7_2012-300x177.jpg\" alt=\"\" width=\"300\" height=\"177\" srcset=\"https:\/\/www.americas.org\/wp-content\/uploads\/2012\/10\/food_7_2012-300x177.jpg 300w, https:\/\/www.americas.org\/wp-content\/uploads\/2012\/10\/food_7_2012-1024x607.jpg 1024w, https:\/\/www.americas.org\/wp-content\/uploads\/2012\/10\/food_7_2012.jpg 1490w\" sizes=\"auto, (max-width: 300px) 100vw, 300px\" \/><\/a><figcaption id=\"caption-attachment-8308\" class=\"wp-caption-text\">Gr\u00e1fico mostrando la diferencia dram\u00e1tica que la especulaci\u00f3n puede hacer en los precios de los alimentos.<\/figcaption><\/figure>\n<p>Como el presidente de NECSI, Bar-Yam dijo: \u201cEstamos en el borde de otra crisis, la tercera en cinco a\u00f1os, y muy probablemente ser\u00e1 la peor, capaz de causar nuevos disturbios y agitaci\u00f3n\u00a0 como la Primavera Arabe, refiri\u00e9ndose a otro estudio del NECSI que muestra las dos \u00faltimas burbujas de precios alimenticios en 2008 y 2011 correlacionadas con aumentos similares en disturbios violentos y des\u00f3rdenes por alimentos.<\/p>\n<figure id=\"attachment_8306\" aria-describedby=\"caption-attachment-8306\" style=\"width: 300px\" class=\"wp-caption aligncenter\"><a href=\"https:\/\/www.americas.org\/wp-content\/uploads\/2012\/10\/fig1_crises.png\"><img loading=\"lazy\" decoding=\"async\" class=\"size-medium wp-image-8306\" title=\"fig1_crises\" src=\"https:\/\/www.americas.org\/wp-content\/uploads\/2012\/10\/fig1_crises-300x186.png\" alt=\"\" width=\"300\" height=\"186\" srcset=\"https:\/\/www.americas.org\/wp-content\/uploads\/2012\/10\/fig1_crises-300x186.png 300w, https:\/\/www.americas.org\/wp-content\/uploads\/2012\/10\/fig1_crises.png 914w\" sizes=\"auto, (max-width: 300px) 100vw, 300px\" \/><\/a><figcaption id=\"caption-attachment-8306\" class=\"wp-caption-text\">El gr\u00e1fico muestra la cantidad de tumultos violentos que aumentaron y decayeron con los precios de los alimentos.<\/figcaption><\/figure>\n<p>Tal vez lo m\u00e1s frustrante es que las causas principales de las subas de precios sean una mala pol\u00edtica p\u00fablica.<\/p>\n<p>\u201cCada una de estas causas se debe a actos particulares de intervenci\u00f3n o desregulaci\u00f3n de los gobiernos. As\u00ed, mientras la provisi\u00f3n y precios de alimentos pueden ser vulnerables a los aumentos globales de poblaci\u00f3n y cambios ambientales, los aumentos de precios existentes se deben a pol\u00edticas espec\u00edficas de los gobiernos. Con el fin de impedir posteriores crisis en el mercado alimenticio, recomendamos que el gobierno detenga el apoyo para la conversi\u00f3n de etanol y el reverso de la desregulaci\u00f3n de productos del\u00a0 mercado, que permite una especulaci\u00f3n financiera ilimitada.<\/p>\n<p>\u00bfPodr\u00eda ser que nos estamos encaminando hacia otra vuelta de violencia innecesaria, desestabilizadora y deshumanizadora?<\/p>\n<p><em><strong>David Kane<\/strong> es asociado\u00a0 para Latino Am\u00e9rica en la Oficina de Maryland para Problemas Globales, donde tambi\u00e9n trabaja en comercio internacional y asuntos econ\u00f3micos.\u00a0 Ha servido por nueve a\u00f1os y medio como misionero laico Maryknoll en Joao Pessoa, Brasil y trabaj\u00f3 con la campa\u00f1a del Jubileo de Brasil, coalici\u00f3n de organizaciones sociales que moviliza a la sociedad brasile\u00f1a sobre los temas de deuda, libre comercio y militarizaci\u00f3n. El es un contribuyente frecuente con el Programa CIP Americas.<\/em><\/p>\n<p>Traducci\u00f3n:\u00a0 Mar\u00eda Luisa Etchart<\/p>\n","protected":false},"excerpt":{"rendered":"<p>El Instituto de Sistemas Complejos de New England, que ha desarrollado un modelo cuantitivo para predecir muy estrechamente el \u00edndice de precios de alimentos de la FAO, dio a conocer un nuevo informe prediciendo precios de alimentos agudamente superiores debido en parte a una especulaci\u00f3n excesiva.<\/p>\n","protected":false},"author":136,"featured_media":0,"comment_status":"open","ping_status":"open","sticky":false,"template":"","format":"standard","meta":{"inline_featured_image":false,"footnotes":""},"categories":[4884,4913,4915],"tags":[],"coauthors":[],"class_list":["post-8305","post","type-post","status-publish","format-standard","hentry","category-democracia","category-soberania-alimentaria","category-tierra"],"_links":{"self":[{"href":"https:\/\/www.americas.org\/es\/wp-json\/wp\/v2\/posts\/8305","targetHints":{"allow":["GET"]}}],"collection":[{"href":"https:\/\/www.americas.org\/es\/wp-json\/wp\/v2\/posts"}],"about":[{"href":"https:\/\/www.americas.org\/es\/wp-json\/wp\/v2\/types\/post"}],"author":[{"embeddable":true,"href":"https:\/\/www.americas.org\/es\/wp-json\/wp\/v2\/users\/136"}],"replies":[{"embeddable":true,"href":"https:\/\/www.americas.org\/es\/wp-json\/wp\/v2\/comments?post=8305"}],"version-history":[{"count":0,"href":"https:\/\/www.americas.org\/es\/wp-json\/wp\/v2\/posts\/8305\/revisions"}],"wp:attachment":[{"href":"https:\/\/www.americas.org\/es\/wp-json\/wp\/v2\/media?parent=8305"}],"wp:term":[{"taxonomy":"category","embeddable":true,"href":"https:\/\/www.americas.org\/es\/wp-json\/wp\/v2\/categories?post=8305"},{"taxonomy":"post_tag","embeddable":true,"href":"https:\/\/www.americas.org\/es\/wp-json\/wp\/v2\/tags?post=8305"},{"taxonomy":"author","embeddable":true,"href":"https:\/\/www.americas.org\/es\/wp-json\/wp\/v2\/coauthors?post=8305"}],"curies":[{"name":"wp","href":"https:\/\/api.w.org\/{rel}","templated":true}]}}